{"id":134,"date":"2006-03-11T19:10:24","date_gmt":"2006-03-11T18:10:24","guid":{"rendered":"http:\/\/www.nax.cz\/2006\/03\/11\/opensolaris-installfest\/"},"modified":"2006-03-11T19:10:24","modified_gmt":"2006-03-11T18:10:24","slug":"opensolaris-installfest","status":"publish","type":"post","link":"https:\/\/nax.cz\/?p=134","title":{"rendered":"OpenSolaris installfest"},"content":{"rendered":"<p>P\u0139\u0099ed chv\u0102\u00adl\u0102\u00ad jsem se odtamtud vr\u0102\u0104til. Tyhle akce se mi nesm\u0102\u00adrn\u00c4\u009b l\u0102\u00adb\u0102\u00ad. Je to trochu jako konference, trochu jako ve \u0139\u0104kole, a\u0139\u017e na tu drobnou zm\u00c4\u009bnu, \u0139\u017ee si tam \u00c4\u008dlov\u00c4\u009bk poslechne v\u0139\u0104echny p\u0139\u0099edn\u0102\u0104\u0139\u0104ky s chut\u0102\u00ad. Nezklamal jsem se ani tentokr\u0102\u0104t. Solaris mne zaj\u0102\u00admal u\u0139\u017e p\u0139\u0099ed t\u0102\u00adm, ne\u0139\u017e ho SUN vypustil jako opensource a i kdy\u0139\u017e jsem nem\u00c4\u009bl na co instalovat, na p\u0139\u0099edn\u0102\u0104\u0139\u0104k\u0102\u0104ch jsem si poslechl stru\u00c4\u008dnou nalejv\u0102\u0104rnu ze z\u0102\u0104kladn\u0102\u00ad administrace Solarisu od Mrtina \u00c4\u008cerven\u0102\u0160ho, kter\u0102\u0160ho zn\u0102\u0104m od doby kdy jsem s n\u0102\u00adm p\u0139\u0099ed v\u0102\u0104noci nato\u00c4\u008dil 2 rozhovory pro Terabajt.<\/p>\n<p>Tohle m\u0102\u0104m na takov\u0102\u02ddch akc\u0102\u00adch mo\u0139\u017en\u0102\u0104 je\u0139\u0104t\u00c4\u009b rad\u0139\u0104i ne\u0139\u017e p\u0139\u0099\u0102\u00adsun nov\u0102\u02ddch v\u00c4\u009bdomost\u0102\u00ad: \u00c4\u008dlov\u00c4\u009bk tam vid\u0102\u00ad zn\u0102\u0104m\u0102\u0160 tv\u0102\u0104\u0139\u0099e a m\u0139\u017b\u0139\u017ee eventu\u0102\u0104ln\u00c4\u009b nav\u0102\u0104zat nov\u0102\u0160 kontakty podobn\u00c4\u009b pozitivn\u0102\u00adch lid\u0102\u00ad.<\/p>\n<p>Je\u0139\u0104t\u00c4\u009b k tomu pro\u00c4\u008d jsem nic neinstaloval &#8211; ne \u0139\u017ee bych \u0139\u017e\u0102\u0104dn\u0102\u02dd HW nem\u00c4\u009bl. Pravda na notebooku mi jako u\u0139\u017e tradi\u00c4\u008dn\u00c4\u009b doch\u0102\u0104z\u0102\u00ad m\u0102\u00adsto a tak instalaci do vmware nebo dokonce na speci\u0102\u0104ln\u0102\u00ad parti\u0139\u0104nu jsem zavrhl rovnou. Doma ale m\u0102\u0104m jeden star\u0102\u02dd nepou\u0139\u017e\u0102\u00advan\u0102\u02dd nefal\u0139\u0104ovan\u0102\u02dd Sparc, konkr\u0102\u0160tn\u00c4\u009b Sparc Station 5. Je to takov\u0102\u0104 relativn\u00c4\u009b tenk\u0102\u0104 krabice, ale docela by se pronesla. Ale kdybych m\u00c4\u009bl vyhl\u0102\u00addku na to, \u0139\u017ee pod veden\u0102\u00adm odborn\u0102\u00adk\u0139\u017b nainstaluji na ten po\u00c4\u008d\u0102\u00adta\u00c4\u008d kone\u00c4\u008dn\u00c4\u009b sv\u0139\u017bj prvn\u0102\u00ad Solaris asi bych to tam i donesl. Monitor k tomu ale m\u0102\u0104m jen 21&#8243;, toho \u00c4\u008dasu p\u0139\u0099es redukci a s extern\u0102\u00adm TV tunerem pou\u0139\u017e\u0102\u00advan\u0102\u02dd jako televize u mne v pokoji (ten monitor m\u0102\u0104 toti\u0139\u017e SUN specifik RGB koncovku, kter\u0102\u0104 pasuje pr\u0102\u0104v\u00c4\u009b jen do toho Sparca).<\/p>\n<p>Nicm\u0102\u0160n\u00c4\u009b je tu je\u0139\u0104t\u00c4\u009b druh\u0102\u0104 mo\u0139\u017enost, kter\u0102\u0160 jsem cht\u00c4\u009bl vyu\u0139\u017e\u0102\u00adt &#8211; toti\u0139\u017e instalace p\u0139\u0099es s\u0102\u0160riov\u0102\u02dd kabel. Dokonce jsem si to maloval tak, \u0139\u017ee proste ve\u00c4\u008der p\u0139\u0099ed akc\u0102\u00ad zano\u0139\u0099\u0102\u00adm do mil\u0102\u0160ho Sparca instala\u00c4\u008dn\u0102\u00ad CD (to jsem je\u0139\u0104t\u00c4\u009b netu\u0139\u0104il \u0139\u017ee jich je 4 a DVD mechaniku v tom sta\u0139\u0099i\u00c4\u008dk\u0102\u0160m Sparcu opravdu nem\u0102\u0104m a jinou SCSI mechaniku abych j\u0102\u00ad tam p\u0139\u0099ipojil m\u0102\u00adsto CD-ROM taky ne) a \u0139\u017ee p\u0139\u0099es s\u0102\u0160riov\u0102\u0160 rozhran\u0102\u00ad p\u0139\u0099ipojim na n\u00c4\u009bjak\u0102\u02dd linux (konkr\u0102\u0160tn\u00c4\u009b DSM 50MB distribuci kterou nabootuji na sv\u0102\u0160m b\u0102\u02ddval\u0102\u0160m desktopu, toho \u00c4\u008dasu slou\u0139\u017e\u0102\u00adc\u0102\u00ad pro brouzd\u0102\u0104n\u0102\u00ad po internetu mamince).<\/p>\n<p>Jen\u0139\u017ee sem v\u00c4\u008dera ve\u00c4\u008der, kdy\u0139\u017e u\u0139\u017e jsem m\u00c4\u009bl p\u0139\u017blku CD\u00c4\u008dek sta\u0139\u017eeno zjistil, \u0139\u017ee mil\u0102\u02dd Sparc station 5 m\u0102\u0104 jen \u0139\u0104irok\u0102\u02dd s\u0102\u0160riov\u0102\u02dd port a j\u0102\u0104 nem\u0102\u0104m konvertor. V 11 ve\u00c4\u008der u\u0139\u017e se mi fakt vytahovat p\u0102\u0104jku a d\u00c4\u009blat si vlastn\u0102\u00ad redukci necht\u00c4\u009blo (stejn\u00c4\u009b by &#8211; jak se tak zn\u0102\u0104m &#8211; nefungovala) a tak jsem si dnes vyslechl rad\u0139\u0104i v\u0139\u0104echny p\u0139\u0099edn\u0102\u0104\u0139\u0104ky a kupodivu m\u00c4\u009b nenudila ani p\u0139\u0099edn\u0102\u0104\u0139\u0104ka o psan\u0102\u00ad modul\u0139\u017b do solarisovsk\u0102\u0160ho j\u0102\u0104dra (za co\u0139\u017e pat\u0139\u0099\u0102\u00ad Martinovi gratulace).<\/p>\n<p>Posledn\u0102\u00ad p\u0139\u0099edn\u0102\u0104\u0139\u0104ka mne ale zaj\u0102\u00admala nejv\u0102\u00adc &#8211; t\u0102\u02ddkala se rozchozen\u0102\u00ad USB CDMA modemu v opensolarisu a dozv\u00c4\u009bd\u00c4\u009bl jsem se p\u0139\u0099esn\u00c4\u009b to co jsem pot\u0139\u0099eboval. Knihovna libusb v Solarisu norm\u0102\u0104ln\u00c4\u009b b\u00c4\u009bh\u0102\u0104, ale usbfs z linuxu s adres\u0102\u0104\u0139\u0099ovou strukturou vytv\u0102\u0104\u0139\u0099enou Solarisovsk\u0102\u02ddm usbgen rozhodn\u00c4\u009b nen\u0102\u00ad ani tro\u0139\u0104ku kompatibiln\u0102\u00ad. D\u0102\u00adky tomu druh\u0102\u0160mu tedy nebude port UPEK driveru pro jejich fingerprint reader nic snadn\u0102\u0160ho.<\/p>\n","protected":false},"excerpt":{"rendered":"<p>P\u0139\u0099ed chv\u0102\u00adl\u0102\u00ad jsem se odtamtud vr\u0102\u0104til. Tyhle akce se mi nesm\u0102\u00adrn\u00c4\u009b l\u0102\u00adb\u0102\u00ad. Je to trochu jako konference, trochu jako ve \u0139\u0104kole, a\u0139\u017e na tu drobnou zm\u00c4\u009bnu, \u0139\u017ee si tam \u00c4\u008dlov\u00c4\u009bk poslechne v\u0139\u0104echny p\u0139\u0099edn\u0102\u0104\u0139\u0104ky s chut\u0102\u00ad. Nezklamal jsem se ani tentokr\u0102\u0104t. Solaris mne zaj\u0102\u00admal u\u0139\u017e p\u0139\u0099ed t\u0102\u00adm, ne\u0139\u017e ho SUN vypustil jako opensource a i kdy\u0139\u017e jsem nem\u00c4\u009bl na co instalovat, na p\u0139\u0099edn\u0102\u0104\u0139\u0104k\u0102\u0104ch jsem si poslechl stru\u00c4\u008dnou nalejv\u0102\u0104rnu ze z\u0102\u0104kladn\u0102\u00ad administrace Solarisu od Mrtina \u00c4\u008cerven\u0102\u0160ho, kter\u0102\u0160ho zn\u0102\u0104m od doby kdy jsem s n\u0102\u00adm p\u0139\u0099ed v\u0102\u0104noci nato\u00c4\u008dil 2 rozhovory pro Terabajt.<\/p>\n","protected":false},"author":1,"featured_media":0,"comment_status":"open","ping_status":"open","sticky":false,"template":"","format":"standard","meta":{"footnotes":""},"categories":[25,10],"tags":[],"class_list":["post-134","post","type-post","status-publish","format-standard","hentry","category-akce","category-personal"],"_links":{"self":[{"href":"https:\/\/nax.cz\/index.php?rest_route=\/wp\/v2\/posts\/134","targetHints":{"allow":["GET"]}}],"collection":[{"href":"https:\/\/nax.cz\/index.php?rest_route=\/wp\/v2\/posts"}],"about":[{"href":"https:\/\/nax.cz\/index.php?rest_route=\/wp\/v2\/types\/post"}],"author":[{"embeddable":true,"href":"https:\/\/nax.cz\/index.php?rest_route=\/wp\/v2\/users\/1"}],"replies":[{"embeddable":true,"href":"https:\/\/nax.cz\/index.php?rest_route=%2Fwp%2Fv2%2Fcomments&post=134"}],"version-history":[{"count":0,"href":"https:\/\/nax.cz\/index.php?rest_route=\/wp\/v2\/posts\/134\/revisions"}],"wp:attachment":[{"href":"https:\/\/nax.cz\/index.php?rest_route=%2Fwp%2Fv2%2Fmedia&parent=134"}],"wp:term":[{"taxonomy":"category","embeddable":true,"href":"https:\/\/nax.cz\/index.php?rest_route=%2Fwp%2Fv2%2Fcategories&post=134"},{"taxonomy":"post_tag","embeddable":true,"href":"https:\/\/nax.cz\/index.php?rest_route=%2Fwp%2Fv2%2Ftags&post=134"}],"curies":[{"name":"wp","href":"https:\/\/api.w.org\/{rel}","templated":true}]}}