{"id":89,"date":"2004-03-22T17:45:59","date_gmt":"2004-03-22T17:45:59","guid":{"rendered":"https:\/\/143-42-55-146.ip.linodeusercontent.com\/?p=89"},"modified":"2004-03-22T17:45:59","modified_gmt":"2004-03-22T17:45:59","slug":"danove-priznani","status":"publish","type":"post","link":"https:\/\/nax.cz\/?p=89","title":{"rendered":"DA\u0139\u0087OV\u0102\u0089 P\u0139\u0098IZN\u0102\u0081N\u0102\u008d"},"content":{"rendered":"<p>Dnes jsem pod\u0102\u0104val svoje prvn\u0102\u00ad da\u0139\u0088ov\u0102\u0160 p\u0139\u0099izn\u0102\u0104n\u0102\u00ad. Rodi\u00c4\u008de byli moc hodn\u0102\u00ad a vida \u0139\u017ee toho m\u0102\u0104m do \u0139\u0104koly docela dost nakoupili asi 3 publikace o dan\u0102\u00adch a vyplnili ho na z\u0102\u0104klad\u00c4\u009b podklad\u0139\u017b za mne u\u0139\u017e n\u00c4\u009bkdy b\u00c4\u009bhem minul\u0102\u0160ho t\u0102\u02dddne. Nutno dodat, \u0139\u017ee \u0139\u017eivnos\u0139\u013d\u0102\u0104k jsem si po\u0139\u0099\u0102\u00addil teprve v srpnu a za zbytek roku jsem si u Tele2 na brig\u0102\u0104d\u0102\u0104ch vyd\u00c4\u009blal jen asi 15,5k.<\/p>\n<p>Trochu jsem taky konzultoval se sv\u0102\u02ddm k\u0102\u0104mo\u0139\u0104em co to da\u0139\u0088ov\u0102\u02dd p\u0139\u0099izn\u0102\u0104n\u0102\u00ad d\u0102\u0104val minul\u0102\u02dd rok. Tak jednak dule\u0139\u017eit\u0102\u0104 v\u00c4\u009bc je, \u0139\u017ee pokud bych si vyd\u00c4\u009blal m\u0102\u00ad\u0139\u0088 jak 10k tak p\u0139\u0099izn\u0102\u0104n\u0102\u00ad pod\u0102\u0104vat nemus\u0102\u00adm. To ale evidentn\u00c4\u009b nespl\u0139\u0088uju. <\/p>\n<p>N\u0102\u0104sledn\u0102\u02dd postup je n\u0102\u0104sleduj\u0102\u00adc\u0102\u00ad: Nejd\u0139\u0099\u0102\u00adv se vezme hrub\u0102\u02dd p\u0139\u0099\u0102\u00adjem a ode\u00c4\u008dtou se n\u0102\u0104klady. Ty n\u0102\u0104klady z\u0102\u0104le\u0139\u017e\u0102\u00ad na typu \u0102\u015f\u00c4\u008detnictv\u0102\u00ad jak\u0102\u0160 se vede. J\u0102\u0104 jsem \u0139\u017e\u0102\u0104dn\u0102\u0160 nevedl, tak\u0139\u017ee jsem vyu\u0139\u017eil mo\u0139\u017enosti si n\u0102\u0104klady ur\u00c4\u008dit pau\u0139\u0104\u0102\u0104ln\u00c4\u009b jako 25% z p\u0139\u0099\u0102\u00adjm\u0139\u017b. Pak se ode\u00c4\u008dtou v\u0139\u0104echny odpo\u00c4\u008ditateln\u0102\u0160 polo\u0139\u017eky, neboli \u00c4\u008d\u0102\u0104stky, kter\u0102\u0160 jsou za ur\u00c4\u008dit\u0102\u02ddch dolo\u0139\u017een\u0102\u02ddch (v\u00c4\u009bt\u0139\u0104inou je pot\u0139\u0099eba n\u00c4\u009bjak\u0102\u0104 p\u0139\u0099\u0102\u00adloha k da\u0139\u0088ov\u0102\u0160mu p\u0139\u0099izn\u0102\u0104n\u0102\u00ad) okolnost\u0102\u00ad nezdaniteln\u0102\u0160. T\u0139\u0099eba m\u00c4\u009b rodi\u00c4\u008de ode\u00c4\u008detli 11k proto, \u0139\u017ee jsem student. No a z toho co zbyde po ode\u00c4\u008dten\u0102\u00ad t\u00c4\u009bch 2 v\u00c4\u009bc\u0102\u00ad p\u0139\u0099edt\u0102\u00adm je z\u0102\u0104klad dan\u00c4\u009b a z n\u00c4\u009bj je spo\u00c4\u008d\u0102\u00adt\u0102\u0104 ur\u00c4\u008dit\u0102\u0160 procento, kter\u0102\u0160 se mus\u0102\u00ad zaplatit na dani.<\/p>\n<p>P\u0139\u0099i t\u0102\u0160 konzultaci po ICQ sem si v\u0139\u0104iml, \u0139\u017ee rodi\u00c4\u008de neuplat\u0139\u0088ovali 38k jako nezdaniteln\u0102\u02dd z\u0102\u0104klad a nev\u00c4\u009bd\u00c4\u009bl jsem pro\u00c4\u008d. Bylo to proto, \u0139\u017ee si mysleli, \u0139\u017ee jim to u\u0139\u017e strh\u0102\u0104vaj ze zdaniteln\u0102\u0160ho z\u0102\u0104kladu v pr\u0102\u0104ci, ale to byla chyba. V pr\u0102\u0104ci jim strh\u0102\u0104vali 25k za to, \u0139\u017ee \u0139\u017eij\u0102\u00ad ve spole\u00c4\u008dn\u0102\u0160 dom\u0102\u0104cnosti s d\u0102\u00adt\u00c4\u009btem (co\u0139\u017e jsem j\u0102\u0104 jako student &#8211; o5 nutn\u0102\u0160 podvrzen\u0102\u00ad ze \u0139\u0104koly).<\/p>\n<p>Kdy\u0139\u017e jsem byl na tom da\u0139\u0088ov\u0102\u0160m \u0102\u015f\u0139\u0099ad\u00c4\u009b (\u0102\u015f\u0139\u0099edn\u0102\u00ad hodiny maj\u0102\u00ad jen v Po a ST) tak jsem vyhledal m\u0102\u0160ho spr\u0102\u0104vce dan\u00c4\u009b (maj\u0102\u00ad to podle po\u00c4\u008d\u0102\u0104te\u00c4\u008dn\u0102\u00adho p\u0102\u00adsmena p\u0139\u0099\u0102\u00adjmen\u0102\u00ad) a t\u0102\u0160 jsem se zeptal na to, co jsem nev\u00c4\u009bd\u00c4\u009bl. Na t\u00c4\u009bch 38k m\u0102\u0104 n\u0102\u0104rok ka\u0139\u017ed\u0102\u02dd pl\u0102\u0104tce dan\u00c4\u009b a nez\u0102\u0104vis\u0102\u00ad to ani na tom jak dlouho podnik\u0102\u0104 (na rozd\u0102\u00adl t\u0139\u0099eba od t\u00c4\u009bch sr\u0102\u0104\u0139\u017eek za studenta &#8211; tam je to odvisl\u0102\u0160 zda je doty\u00c4\u008dn\u0102\u02dd studentem cel\u0102\u02dd rok).<\/p>\n<p>T\u0102\u00adm, \u0139\u017ee jsem m\u00c4\u009bl tuto odpo\u00c4\u008ditatelnou polo\u0139\u017eku jsem tedy byl v suchu a da\u0139\u0088 se mi \u0102\u015fpln\u00c4\u009b vyhnula. Kdy\u0139\u017e jsem to vypl\u0139\u0088oval podruh\u0102\u0160, tak jsem tam ani nenapsal ten odpis za studenta, proto\u0139\u017ee bych pak musel kuli potvrzen\u0102\u00ad je\u0139\u0104t\u00c4\u009b let\u00c4\u009bt do \u0139\u0104koly a bylo by to \u0102\u015fpln\u00c4\u009b zbyte\u00c4\u008dn\u0102\u02dd.<\/p>\n<p>Taky jsem se ptal a nemus\u0102\u00ad se p\u0139\u0099ipojovat moje faktury, co jsem j\u0102\u0104 fakturoval Tele2, ale t\u0139\u0099eba kdych si p\u0139\u0099\u0102\u00ad\u0139\u0104t\u0102\u00ad rok cht\u00c4\u009bl ud\u00c4\u009blat odpis za \u0139\u017eivotn\u0102\u00ad poji\u0139\u0104t\u00c4\u009bn\u0102\u00ad, tak bych musel p\u0139\u0099ipojit ov\u00c4\u009b\u0139\u0099enou kopii origin\u0102\u0104lu smlouvy (alespo\u0139\u0088 douf\u0102\u0104m \u0139\u017ee ne\u0139\u0099\u0102\u00adkala rovnou origin\u0102\u0104l). Taky d\u0139\u017ble\u0139\u017eit\u0102\u02dd poznatek: do kolonky p\u0139\u0099eva\u0139\u017euj\u0102\u00adc\u0102\u00ad p\u0139\u0099edm\u00c4\u009bt \u00c4\u008dinnosti se nep\u0102\u00ad\u0139\u0104e student, ale to na co je vystaven \u0139\u017eivnos\u0139\u013d\u0102\u0104k \ud83d\ude09<\/p>\n<p>No nakonec jsem se je\u0139\u0104t\u00c4\u009b p\u0139\u0099es email zeptal, jak je to minim\u0102\u0104ln\u0102\u00ad dani pro tento rok. Vzhledem k tomu, \u0139\u017ee \u0139\u017eivnos\u0139\u013d\u0102\u0104k m\u0102\u0104m jen jako n\u0102\u0104stroj brig\u0102\u0104dy, tak by mne docela sejmulo kdybych musel platit n\u00c4\u009bjakou pau\u0139\u0104\u0102\u0104ln\u0102\u00ad da\u0139\u0088 za ka\u0139\u017ed\u0102\u02dd m\u00c4\u009bs\u0102\u00adc. Na\u0139\u0104t\u00c4\u009bst\u0102\u00ad jsem dostal tuhle dopov\u00c4\u009b\u00c4\u008f:<\/p>\n<p>V souladu s \u00c2\u00a77c odst.3, p\u0102\u00adsm.e) z\u0102\u0104k.\u00c4\u008d.586\/92Sb., se V\u0102\u0104s minim\u0102\u0104ln\u0102\u00ad z\u0102\u0104klad dan\u00c4\u009b ve v\u0102\u02dd\u0139\u0104i 101000,-K\u00c4\u008d na r.2004, net\u0102\u02ddk\u0102\u0104.<\/p>\n<p>No a mus\u0102\u00adm \u0139\u0099\u0102\u00adct, \u0139\u017ee sice byla ta \u0102\u015f\u0139\u0099ednice v\u0139\u017edy dost stru\u00c4\u008dn\u0102\u0104, ale to rozhodn\u00c4\u009b nebylo na\u0139\u0104kodu, sp\u0102\u00ad\u0139\u0104 naopak &#8211; okam\u0139\u017eit\u00c4\u009b v\u0139\u0104echno v\u00c4\u009bd\u00c4\u009bla (pravda moje dotazy asi byly hodn\u00c4\u009b lajck\u0102\u0160 \ud83d\ude09 a nebyla nijak nep\u0139\u0099\u0102\u00adjemn\u0102\u0104, prost\u00c4\u009b v\u00c4\u009bd\u00c4\u009bla \u0139\u017ee tam je od toho, aby mi ty dotazy zodpov\u00c4\u009bd\u00c4\u009bla. No a tak by to m\u00c4\u009blo prost\u00c4\u009b b\u0102\u02ddt.<\/p>\n","protected":false},"excerpt":{"rendered":"<p>Dnes jsem pod\u0102\u0104val svoje prvn\u0102\u00ad da\u0139\u0088ov\u0102\u0160 p\u0139\u0099izn\u0102\u0104n\u0102\u00ad. Rodi\u00c4\u008de byli moc hodn\u0102\u00ad a vida \u0139\u017ee toho m\u0102\u0104m do \u0139\u0104koly docela dost nakoupili asi 3 publikace o dan\u0102\u00adch a vyplnili ho na z\u0102\u0104klad\u00c4\u009b podklad\u0139\u017b za mne u\u0139\u017e n\u00c4\u009bkdy b\u00c4\u009bhem minul\u0102\u0160ho t\u0102\u02dddne. Nutno dodat, \u0139\u017ee \u0139\u017eivnos\u0139\u013d\u0102\u0104k jsem si po\u0139\u0099\u0102\u00addil teprve v srpnu a za zbytek roku jsem si [&hellip;]<\/p>\n","protected":false},"author":1,"featured_media":0,"comment_status":"open","ping_status":"open","sticky":false,"template":"","format":"standard","meta":{"footnotes":""},"categories":[10],"tags":[],"class_list":["post-89","post","type-post","status-publish","format-standard","hentry","category-personal"],"_links":{"self":[{"href":"https:\/\/nax.cz\/index.php?rest_route=\/wp\/v2\/posts\/89","targetHints":{"allow":["GET"]}}],"collection":[{"href":"https:\/\/nax.cz\/index.php?rest_route=\/wp\/v2\/posts"}],"about":[{"href":"https:\/\/nax.cz\/index.php?rest_route=\/wp\/v2\/types\/post"}],"author":[{"embeddable":true,"href":"https:\/\/nax.cz\/index.php?rest_route=\/wp\/v2\/users\/1"}],"replies":[{"embeddable":true,"href":"https:\/\/nax.cz\/index.php?rest_route=%2Fwp%2Fv2%2Fcomments&post=89"}],"version-history":[{"count":0,"href":"https:\/\/nax.cz\/index.php?rest_route=\/wp\/v2\/posts\/89\/revisions"}],"wp:attachment":[{"href":"https:\/\/nax.cz\/index.php?rest_route=%2Fwp%2Fv2%2Fmedia&parent=89"}],"wp:term":[{"taxonomy":"category","embeddable":true,"href":"https:\/\/nax.cz\/index.php?rest_route=%2Fwp%2Fv2%2Fcategories&post=89"},{"taxonomy":"post_tag","embeddable":true,"href":"https:\/\/nax.cz\/index.php?rest_route=%2Fwp%2Fv2%2Ftags&post=89"}],"curies":[{"name":"wp","href":"https:\/\/api.w.org\/{rel}","templated":true}]}}