{"id":92,"date":"2004-04-04T13:43:04","date_gmt":"2004-04-04T13:43:04","guid":{"rendered":"https:\/\/143-42-55-146.ip.linodeusercontent.com\/?p=92"},"modified":"2004-04-04T13:43:04","modified_gmt":"2004-04-04T13:43:04","slug":"aterm-jako-hlavni-terminal-barvy-ii","status":"publish","type":"post","link":"https:\/\/nax.cz\/?p=92","title":{"rendered":"ATERM JAKO HLAVN\u0102\u008d TERMIN\u0102\u0081L &#8211; BARVY II."},"content":{"rendered":"<p>Asi p\u0139\u0099ed t\u0102\u02dddnem mne p\u0139\u0099estalo bavit h\u0102\u0104d\u0102\u0104n\u0102\u00ad se s <a href=\"http:\/\/eterm.sourceforge.net\/\">Etermem<\/a>, kter\u0102\u0160ho jsem jako emul\u0102\u0104tor termin\u0102\u0104lu pou\u0139\u017e\u0102\u00adval prakticky od sv\u0102\u02ddch za\u00c4\u008d\u0102\u0104tk\u0139\u017b s Linuxem, hlavn\u00c4\u009b proto, \u0139\u017ee byl sou\u00c4\u008d\u0102\u0104st\u0102\u00ad projektu <a href=\"http:\/\/enlightenment.org\">Enlightenment<\/a>, co\u0139\u017e je v prv\u0102\u0160 \u0139\u0099ad\u00c4\u009b window manager. Dnes u\u0139\u017e pou\u0139\u017e\u0102\u00adv\u0102\u0104m m\u0102\u0160n\u00c4\u009b n\u0102\u0104ro\u00c4\u008dn\u0102\u02dd wm (i kdy\u0139\u017e cesta k n\u00c4\u009bmu vedla p\u0139\u0099es \u0139\u0104\u0102\u00adlen\u00c4\u009b \u0139\u017erav\u0102\u0160 KDE \ud83d\ude09 a Eterm mne \u0139\u0104tval \u00c4\u008d\u0102\u00adm d\u0102\u0104l v\u0102\u00adce hlavn\u00c4\u009b t\u0102\u00adm, \u0139\u017ee ob\u00c4\u008das zlobil p\u0139\u0099i velikosti termin\u0102\u0104lu jin\u0102\u0160m ne\u0139\u017e standardn\u0102\u00adm.<\/p>\n<p>No a tak jsem se zeptal na IRC a zv\u0102\u00ad\u0139\u0099\u0102\u0104tko mi doporu\u00c4\u008dilo <a href=\"http:\/\/aterm.sourceforge.net\/\">Aterm<\/a>. No na prvn\u0102\u00ad pohled to opravdu vypadalo sq\u00c4\u009ble, obzvl\u0102\u0104\u0139\u0104\u0139\u013d, kdy\u0139\u017e mi poslal <a href=\"http:\/\/www.busim.ee.boun.edu.tr\/doc\/packages\/aterm\/scripts\/random_colors\">tenhle skript<\/a>, kter\u0102\u02dd mne p\u0139\u0099esv\u00c4\u009bd\u00c4\u008dil, \u0139\u017ee to stoj\u0102\u00ad za to. Nicm\u0102\u0160n\u00c4\u009b po chv\u0102\u00adli pou\u0139\u017e\u0102\u00adv\u0102\u0104n\u0102\u00ad termin\u0102\u0104l\u0139\u017b s pr\u0139\u017bhlednost\u0102\u00ad jsem se o5 vr\u0102\u0104til k p\u0139\u017bvodn\u0102\u00admu nepr\u0139\u017bhledn\u0102\u0160mu termin\u0102\u0104lu. Hlavn\u00c4\u009b proto, \u0139\u017ee m\u0139\u017bj background je hezky v\u0102\u02ddrazn\u00c4\u009b zelen\u0102\u02dd a to zelen\u0102\u0160 p\u0102\u00adsmo pak nebylo moc \u00c4\u008diteln\u0102\u0160 \ud83d\ude09<\/p>\n<p>V\u0139\u0104echny d\u0139\u017ble\u0139\u017eit\u0102\u0160 volby (p\u0102\u00adsmo, barvu pop\u0139\u0099ed\u0102\u00ad a pozad\u0102\u00ad&#8230;) jsem nacpal do toho skriptu a p\u0139\u0099ejmenoval jsem ho prost\u00c4\u009b na term. Nicm\u0102\u0160n\u00c4\u009b dosti brzo jsem objevil jednu moc o\u0139\u0104klivou v\u00c4\u009bc: ta modr\u0102\u0104 byla zase nechutn\u00c4\u009b tmav\u00c4\u009b modr\u0102\u0104, tak\u0139\u017ee t\u0139\u0099eba ve vimu, kde se modr\u0102\u0104 pou\u0139\u017e\u0102\u00adv\u0102\u0104 skoro v\u0139\u0104ude to bylo dost nechutn\u0102\u02dd a ne\u0139\u0104ly ty v\u00c4\u009bci t\u0102\u00adm napsan\u0102\u0160 v\u0139\u017bbec p\u0139\u0099e\u00c4\u008d\u0102\u00adst.<\/p>\n<p>Vzpomn\u00c4\u009bl jsem si, \u0139\u017ee jsem kdysi p\u0139\u0099edefinoval p\u0139\u0099\u0102\u00admo v konfigura\u00c4\u008dn\u0102\u00adm souboru Etermu, aby syst\u0102\u0160movou barvu &#8222;modr\u0102\u0104&#8220; zobrazoval jako takovou \u0139\u0104molkov\u00c4\u009b modrou. Aterm tedy mus\u0102\u00ad m\u0102\u00adt n\u00c4\u009bco podobn\u0102\u0160ho. Podle manu\u0102\u0104lov\u0102\u0160 str\u0102\u0104nky jsem zjistil, \u0139\u017ee konfiguraci aterm o\u00c4\u008dek\u0102\u0104v\u0102\u0104 syst\u0102\u0160mem Xresources, tedy nej\u00c4\u008dast\u00c4\u009bji v souboru ~\/.Xdefaults St\u0102\u0104hl jsem si n\u00c4\u009bkde z netu takov\u0102\u02dd jeden, ale ten m\u0139\u017bj aterm z distribuce bohu\u0139\u017eel nezabral. Prost\u00c4\u009b ho ignoroval. Stejn\u00c4\u009b jako parametry na p\u0139\u0099\u0102\u00adkazov\u0102\u0160 \u0139\u0099\u0102\u0104dce &#8211;color4 &#8218;#414171&#8216;<\/p>\n<p>Jinak form\u0102\u0104t ~\/.Xdefaults je zhruba n\u0102\u0104sleduj\u0102\u00adc\u0102\u00ad:<\/p>\n<p><strong>XTerm*color0:   #000000<\/strong><br \/>\n<strong>XTerm*color1:   #A80000<\/strong><br \/>\n<strong>XTerm*color2:   #00A800<\/strong><br \/>\n<strong>XTerm*color3:   #A8A800<\/strong><br \/>\n<strong>XTerm*color4:   #414171<\/strong><br \/>\n<strong>XTerm*color5:   #A800A8<\/strong><br \/>\n<strong>XTerm*color6:   #00A8A8<\/strong><br \/>\n<strong>XTerm*color7:   #A8A8A8<\/strong><\/p>\n<p>M\u0102\u00adsto toho XTerm tam m\u0139\u017b\u0139\u017ee b\u0102\u02ddt i Aterm a mysl\u0102\u00adm, \u0139\u017ee by mohlo fungovat i rxvt.<\/p>\n<p>Napadlo mne, \u0139\u017ee probl\u0102\u0160m bude v tom, \u0139\u017ee se mo\u0139\u017enost konfigur\u0102\u0104ku v Xdefaults mus\u0102\u00ad zapnout p\u0139\u0099i kompilaci a tak jsem st\u0102\u0104hnul p\u0139\u0099\u0102\u00admo zdroj\u0102\u0104ky a p\u0139\u0099ekompiloval s t\u00c4\u009bmito volbami:<\/p>\n<p><strong>$ .\/configure &#8211;prefix=\/usr &#8211;enable-fading &#8211;enable-utmp &#8211;disable-resources&#8211;disable-resources<\/strong><\/p>\n<p>Pak u\u0139\u017e to m\u0139\u017bj aterm \u0139\u017eral, ale bohu\u0139\u017eel zase p\u0139\u0099estaly fungovat kl\u0102\u0104vesy End\/Home. Kdy\u0139\u017e jsem ve vimu zm\u0102\u0104\u00c4\u008dkl jednu z nich, tak ze z mal\u0102\u0160ho p\u0102\u00adsmene stalo velk\u0102\u0160 a opa\u00c4\u008dn\u00c4\u009b. Nakonec jsem vygooglil <a href=\"http:\/\/groups.google.com\/groups?hl=cs&#038;lr=&#038;ie=UTF-8&#038;oe=UTF-8&#038;threadm=slrnb7g6le.31g.gc511%40ux7.cso.uiuc.edu&#038;rnum=5&#038;prev=\/groups%3Fhl%3Dcs%26lr%3D%26ie%3DUTF-8%26oe%3DUTF-8%26q%3Daterm%2Bend%2Bhome%26btnG%3DVyhledat%2BGooglem\">odpov\u00c4\u009b\u00c4\u008f<\/a>. Uk\u0102\u0104zalo se, \u0139\u017ee to z\u0102\u0104le\u0139\u017e\u0102\u00ad na tom, jak se termin\u0102\u0104l hl\u0102\u0104s\u0102\u00ad v prom\u00c4\u009bnn\u0102\u0160 prost\u0139\u0099ed\u0102\u00ad TERM. Kdy\u0139\u017e se bude hl\u0102\u0104sit jako XTerm, tak to fungovalo. Tedy k tomu configure jsem p\u0139\u0099idal je\u0139\u0104t\u00c4\u009b volbu <strong>&#8211;with-term=xter<\/strong> a u\u0139\u017e to v\u0139\u0104echno chod\u0102\u00ad tak jak m\u0102\u0104.<\/p>\n","protected":false},"excerpt":{"rendered":"<p>Asi p\u0139\u0099ed t\u0102\u02dddnem mne p\u0139\u0099estalo bavit h\u0102\u0104d\u0102\u0104n\u0102\u00ad se s Etermem, kter\u0102\u0160ho jsem jako emul\u0102\u0104tor termin\u0102\u0104lu pou\u0139\u017e\u0102\u00adval prakticky od sv\u0102\u02ddch za\u00c4\u008d\u0102\u0104tk\u0139\u017b s Linuxem, hlavn\u00c4\u009b proto, \u0139\u017ee byl sou\u00c4\u008d\u0102\u0104st\u0102\u00ad projektu Enlightenment, co\u0139\u017e je v prv\u0102\u0160 \u0139\u0099ad\u00c4\u009b window manager. Dnes u\u0139\u017e pou\u0139\u017e\u0102\u00adv\u0102\u0104m m\u0102\u0160n\u00c4\u009b n\u0102\u0104ro\u00c4\u008dn\u0102\u02dd wm (i kdy\u0139\u017e cesta k n\u00c4\u009bmu vedla p\u0139\u0099es \u0139\u0104\u0102\u00adlen\u00c4\u009b \u0139\u017erav\u0102\u0160 KDE \ud83d\ude09 a Eterm [&hellip;]<\/p>\n","protected":false},"author":1,"featured_media":0,"comment_status":"open","ping_status":"open","sticky":false,"template":"","format":"standard","meta":{"footnotes":""},"categories":[35],"tags":[],"class_list":["post-92","post","type-post","status-publish","format-standard","hentry","category-linux"],"_links":{"self":[{"href":"https:\/\/nax.cz\/index.php?rest_route=\/wp\/v2\/posts\/92","targetHints":{"allow":["GET"]}}],"collection":[{"href":"https:\/\/nax.cz\/index.php?rest_route=\/wp\/v2\/posts"}],"about":[{"href":"https:\/\/nax.cz\/index.php?rest_route=\/wp\/v2\/types\/post"}],"author":[{"embeddable":true,"href":"https:\/\/nax.cz\/index.php?rest_route=\/wp\/v2\/users\/1"}],"replies":[{"embeddable":true,"href":"https:\/\/nax.cz\/index.php?rest_route=%2Fwp%2Fv2%2Fcomments&post=92"}],"version-history":[{"count":0,"href":"https:\/\/nax.cz\/index.php?rest_route=\/wp\/v2\/posts\/92\/revisions"}],"wp:attachment":[{"href":"https:\/\/nax.cz\/index.php?rest_route=%2Fwp%2Fv2%2Fmedia&parent=92"}],"wp:term":[{"taxonomy":"category","embeddable":true,"href":"https:\/\/nax.cz\/index.php?rest_route=%2Fwp%2Fv2%2Fcategories&post=92"},{"taxonomy":"post_tag","embeddable":true,"href":"https:\/\/nax.cz\/index.php?rest_route=%2Fwp%2Fv2%2Ftags&post=92"}],"curies":[{"name":"wp","href":"https:\/\/api.w.org\/{rel}","templated":true}]}}